{"id":4350,"date":"2026-01-16T15:38:52","date_gmt":"2026-01-16T15:38:52","guid":{"rendered":"https:\/\/www.eamau.org\/?p=4350"},"modified":"2026-01-16T15:38:53","modified_gmt":"2026-01-16T15:38:53","slug":"43%e1%b5%89-session-ordinaire-du-conseil-dadministration-de-leamau","status":"publish","type":"post","link":"https:\/\/www.eamau.org\/?p=4350","title":{"rendered":"43\u1d49 Session Ordinaire du Conseil d\u2019Administration de l\u2019EAMAU"},"content":{"rendered":"\n<p><strong><em>Nouvelles orientations strat\u00e9giques<\/em><\/strong><\/p>\n\n\n\n<p>Les travaux de la 43\u1d49 session ordinaire du Conseil d\u2019Administration de l\u2019\u00c9cole Africaine des M\u00e9tiers de l\u2019Architecture et de l\u2019Urbanisme (EAMAU), ouverts le 12 janvier 2026 par la r\u00e9union du comit\u00e9 des experts, se sont poursuivis le mercredi 14 janvier \u00e0 Lom\u00e9 avec la session minist\u00e9rielle. Cette rencontre a r\u00e9uni les ministres et experts des \u00c9tats membres autour de la d\u00e9finition des grandes orientations strat\u00e9giques de l\u2019institution apr\u00e8s 50 ann\u00e9es d\u2019existence.<\/p>\n\n\n\n<figure class=\"wp-block-image size-full\"><img loading=\"lazy\" decoding=\"async\" width=\"1008\" height=\"554\" src=\"https:\/\/www.eamau.org\/wp-content\/uploads\/2026\/01\/cm2.jpeg\" alt=\"\" class=\"wp-image-4357\" srcset=\"https:\/\/www.eamau.org\/wp-content\/uploads\/2026\/01\/cm2.jpeg 1008w, https:\/\/www.eamau.org\/wp-content\/uploads\/2026\/01\/cm2-300x165.jpeg 300w, https:\/\/www.eamau.org\/wp-content\/uploads\/2026\/01\/cm2-768x422.jpeg 768w\" sizes=\"auto, (max-width: 1008px) 100vw, 1008px\" \/><figcaption class=\"wp-element-caption\">Photo de famille \u00e0 l&rsquo;ouverture du conseil des Ministre de la 43eme session ordinaire du Conseil d&rsquo;Administration<\/figcaption><\/figure>\n\n\n\n<p>Cette session minist\u00e9rielle, organis\u00e9e dans un contexte particulier marqu\u00e9 par la c\u00e9l\u00e9bration prochaine du cinquantenaire de l\u2019EAMAU, a permis d\u2019examiner et de valider les rapports d\u2019activit\u00e9s et financiers, d\u2019adopter le budget de l\u2019exercice 2026, ainsi que la d\u00e9finition des nouvelles orientations strat\u00e9giques visant \u00e0 renforcer la gouvernance de l\u2019\u00c9cole. Les participants ont \u00e9galement proc\u00e9d\u00e9 \u00e0 l\u2019examen et \u00e0 la validation de la r\u00e9forme des textes statutaires, dans le but d\u2019am\u00e9liorer les conditions sociales et acad\u00e9miques du personnel et des \u00e9tudiants.<\/p>\n\n\n\n<figure class=\"wp-block-image size-large\"><img loading=\"lazy\" decoding=\"async\" width=\"1024\" height=\"390\" src=\"https:\/\/www.eamau.org\/wp-content\/uploads\/2026\/01\/cm_5364-1024x390.jpg\" alt=\"\" class=\"wp-image-4362\" srcset=\"https:\/\/www.eamau.org\/wp-content\/uploads\/2026\/01\/cm_5364-1024x390.jpg 1024w, https:\/\/www.eamau.org\/wp-content\/uploads\/2026\/01\/cm_5364-300x114.jpg 300w, https:\/\/www.eamau.org\/wp-content\/uploads\/2026\/01\/cm_5364-768x292.jpg 768w, https:\/\/www.eamau.org\/wp-content\/uploads\/2026\/01\/cm_5364.jpg 1200w\" sizes=\"auto, (max-width: 1024px) 100vw, 1024px\" \/><figcaption class=\"wp-element-caption\">S\u00e9ance de travail des Ministres <\/figcaption><\/figure>\n\n\n\n<p>S\u2019inscrivant pleinement dans la dynamique des 50 ans de l\u2019EAMAU, cette rencontre a constitu\u00e9 une occasion privil\u00e9gi\u00e9e de dresser le bilan de cinq d\u00e9cennies de formation de cadres africains de haut niveau dans les domaines de l\u2019architecture, de l\u2019urbanisme et de la gestion urbaine. Les \u00e9changes ont mis en lumi\u00e8re cinquante ann\u00e9es d\u2019excellence acad\u00e9mique, d\u2019innovation p\u00e9dagogique, d\u2019ouverture internationale et d\u2019engagement constant au service du d\u00e9veloppement urbain des \u00c9tats membres.<\/p>\n\n\n\n<p>De prime abord, le Directeur G\u00e9n\u00e9ral, le <strong>Docteur Malam Boukar Awa Krou<\/strong> (MC) a pr\u00e9sent\u00e9 les activit\u00e9s institutionnelles, statutaires et innovantes r\u00e9alis\u00e9es au cours de l\u2019ann\u00e9e 2025. Cette premi\u00e8re ann\u00e9e d\u2019exercice a \u00e9t\u00e9 riche en d\u00e9fis relev\u00e9s et en progr\u00e8s accomplis. C\u2019est aussi l\u2019ann\u00e9e du passage du budget au format de Plan de Travail Budg\u00e9tis\u00e9 Annuel (PTBA) et celui du passage au \u00ab\u00a0tout num\u00e9rique\u00a0\u00bb. Parmi les activit\u00e9s innovantes figurent la cr\u00e9ation d\u2019une Cellule d\u2019Appui P\u00e9dagogique, la cr\u00e9ation d\u2019un campus board, l\u2019organisation d\u2019un forum sur l\u2019habitat d\u2019urgence francophone, etc.<\/p>\n\n\n\n<figure class=\"wp-block-image size-large\"><img loading=\"lazy\" decoding=\"async\" width=\"1024\" height=\"634\" src=\"https:\/\/www.eamau.org\/wp-content\/uploads\/2026\/01\/ca_5100-1024x634.jpg\" alt=\"\" class=\"wp-image-4359\" srcset=\"https:\/\/www.eamau.org\/wp-content\/uploads\/2026\/01\/ca_5100-1024x634.jpg 1024w, https:\/\/www.eamau.org\/wp-content\/uploads\/2026\/01\/ca_5100-300x186.jpg 300w, https:\/\/www.eamau.org\/wp-content\/uploads\/2026\/01\/ca_5100-768x475.jpg 768w, https:\/\/www.eamau.org\/wp-content\/uploads\/2026\/01\/ca_5100.jpg 1351w\" sizes=\"auto, (max-width: 1024px) 100vw, 1024px\" \/><figcaption class=\"wp-element-caption\">Ouverture du Comit\u00e9 des Experts par le Vice PCA EAMAU Prof. TCHANGBEDJI (Milieu Photo) entour\u00e9 du Dicteur G\u00e9n\u00e9ral et du Pr\u00e9sident du Comit\u00e9 des Experts<\/figcaption><\/figure>\n\n\n\n<p>Ensuite, le Ministre D\u00e9l\u00e9gu\u00e9 charg\u00e9 de l\u2019Enseignement Sup\u00e9rieur et de la Recherche Scientifique du Togo, Vice-Pr\u00e9sident statutaire du Conseil d\u2019Administration, le <strong>Professeur Gado Tchangbedji,<\/strong> a salu\u00e9 les efforts de l\u2019\u00e9quipe dirigeante ainsi que l\u2019implication des experts ayant \u00e9labor\u00e9 les projets de d\u00e9cisions strat\u00e9giques soumis \u00e0 l\u2019examen dudit Conseil. Il a r\u00e9affirm\u00e9 le r\u00f4le central de l\u2019EAMAU en tant qu\u2019institution de r\u00e9f\u00e9rence et la mission essentielle qu\u2019elle accomplit dans la formation et le d\u00e9veloppement des comp\u00e9tences en architecture, en urbanisme et en gestion urbaine.<\/p>\n\n\n\n<figure class=\"wp-block-image size-large\"><img loading=\"lazy\" decoding=\"async\" width=\"1024\" height=\"768\" src=\"https:\/\/www.eamau.org\/wp-content\/uploads\/2026\/01\/11-1024x768.jpeg\" alt=\"\" class=\"wp-image-4360\" srcset=\"https:\/\/www.eamau.org\/wp-content\/uploads\/2026\/01\/11-1024x768.jpeg 1024w, https:\/\/www.eamau.org\/wp-content\/uploads\/2026\/01\/11-300x225.jpeg 300w, https:\/\/www.eamau.org\/wp-content\/uploads\/2026\/01\/11-768x576.jpeg 768w, https:\/\/www.eamau.org\/wp-content\/uploads\/2026\/01\/11.jpeg 1080w\" sizes=\"auto, (max-width: 1024px) 100vw, 1024px\" \/><figcaption class=\"wp-element-caption\">Pr\u00e9sentation Rapport du Directeur G\u00e9n\u00e9ral lors du Comit\u00e9 des Experts<\/figcaption><\/figure>\n\n\n\n<p>Pour le Pr\u00e9sident du Conseil d\u2019Administration de l\u2019EAMAU, le Ministre de l\u2019Enseignement Sup\u00e9rieur, de la Recherche et de l\u2019Innovation Technologique du Niger, le <strong>Professeur Mamadou Saidou<\/strong>, souligne que cette Session ordinaire du Conseil d\u2019Administration, tenue pour une \u00c9cole de 50ans, constitue un v\u00e9ritable \u00ab gage de r\u00e9silience et de responsabilit\u00e9 \u00bb. Il invite, les diff\u00e9rents partenaires, \u00e0 projeter l\u2019EAMAU dans son second demi-si\u00e8cle avec ambition et d\u00e9termination dans la formation d\u2019experts capables d\u2019apporter des r\u00e9ponses adapt\u00e9es aux d\u00e9fis complexes auxquels sont confront\u00e9s les territoires africains.<\/p>\n\n\n\n<p>Repr\u00e9sentant le Pr\u00e9sident du Conseil, Son <strong>Excellence<\/strong> <strong>Faure Gnassingb\u00e9<\/strong>, le Ministre de l\u2019\u00c9ducation Nationale, <strong>Mama Omorou<\/strong>, a pr\u00e9cis\u00e9 que l\u2019EAMAU a atteint un niveau de maturit\u00e9 qui appelle aujourd\u2019hui \u00e0 la consolidation des acquis issus des diff\u00e9rentes r\u00e9formes engag\u00e9es. Il a soulign\u00e9 que le Pr\u00e9sident du Conseil place l\u2019enseignement et la formation au c\u0153ur de ses priorit\u00e9s, en raison de leur r\u00f4le strat\u00e9gique dans le d\u00e9veloppement, tout en r\u00e9affirmant son engagement constant en faveur de la coop\u00e9ration inter\u00e9tatique.<\/p>\n\n\n\n<p>En somme, la 43<sup>i\u00e8me <\/sup>session ordinaire du Conseil d\u2019Administration a d\u00e9lib\u00e9r\u00e9 dix (10) d\u00e9cisions, trois (3) r\u00e9solutions et deux (2) motions de remerciements.<\/p>\n\n\n\n<p>Au nombre des d\u00e9cisions, il y a l\u2019ouverture d\u2019une \u00e9cole doctorale. Quant aux r\u00e9solutions, elles sont marqu\u00e9es particuli\u00e8rement par l\u2019adh\u00e9sion officielle de la R\u00e9publique du Burundi en tant que 15<sup>\u00e8me<\/sup> \u00c9tat membre de l\u2019EAMAU. Pour cette Session le Burundi a \u00e9t\u00e9 repr\u00e9sent\u00e9 par son Ministre de l\u2019\u00c9ducation Nationale et de la Recherche Scientifique, le <strong>Professeur Fran\u00e7ois Havyarimana<\/strong>. Pour les motions de remerciements, l\u2019honneur a \u00e9t\u00e9 fait \u00e0 son Excellence <strong>Faure Essozimna Gnassingbe<\/strong>, Pr\u00e9sident du Conseil de la R\u00e9publique togolaise.<\/p>\n\n\n\n<p>Enfin, la pr\u00e9sidence du Conseil d\u2019Administration a \u00e9t\u00e9 confi\u00e9e \u00e0 la R\u00e9publique du Mali, confirmant ainsi la dynamique de gouvernance partag\u00e9e et de solidarit\u00e9 entre les \u00c9tats membres de l\u2019EAMAU.<\/p>\n\n\n\n<p><\/p>\n\n\n\n<p>L<\/p>\n\n\n\n<p><\/p>\n","protected":false},"excerpt":{"rendered":"<p>Nouvelles orientations strat\u00e9giques Les travaux de la 43\u1d49 session ordinaire du Conseil d\u2019Administration de l\u2019\u00c9cole Africaine des M\u00e9tiers de l\u2019Architecture et de l\u2019Urbanisme (EAMAU), ouverts le 12 janvier 2026 par la r\u00e9union du comit\u00e9 des experts, se sont poursuivis le mercredi 14 janvier \u00e0 Lom\u00e9 avec la session minist\u00e9rielle. Cette rencontre a r\u00e9uni les ministres<\/p>\n","protected":false},"author":5,"featured_media":4353,"comment_status":"closed","ping_status":"closed","sticky":false,"template":"","format":"standard","meta":{"ngg_post_thumbnail":0,"footnotes":""},"categories":[1],"tags":[],"class_list":["post-4350","post","type-post","status-publish","format-standard","has-post-thumbnail","hentry","category-actualite"],"_links":{"self":[{"href":"https:\/\/www.eamau.org\/index.php?rest_route=\/wp\/v2\/posts\/4350","targetHints":{"allow":["GET"]}}],"collection":[{"href":"https:\/\/www.eamau.org\/index.php?rest_route=\/wp\/v2\/posts"}],"about":[{"href":"https:\/\/www.eamau.org\/index.php?rest_route=\/wp\/v2\/types\/post"}],"author":[{"embeddable":true,"href":"https:\/\/www.eamau.org\/index.php?rest_route=\/wp\/v2\/users\/5"}],"replies":[{"embeddable":true,"href":"https:\/\/www.eamau.org\/index.php?rest_route=%2Fwp%2Fv2%2Fcomments&post=4350"}],"version-history":[{"count":6,"href":"https:\/\/www.eamau.org\/index.php?rest_route=\/wp\/v2\/posts\/4350\/revisions"}],"predecessor-version":[{"id":4363,"href":"https:\/\/www.eamau.org\/index.php?rest_route=\/wp\/v2\/posts\/4350\/revisions\/4363"}],"wp:featuredmedia":[{"embeddable":true,"href":"https:\/\/www.eamau.org\/index.php?rest_route=\/wp\/v2\/media\/4353"}],"wp:attachment":[{"href":"https:\/\/www.eamau.org\/index.php?rest_route=%2Fwp%2Fv2%2Fmedia&parent=4350"}],"wp:term":[{"taxonomy":"category","embeddable":true,"href":"https:\/\/www.eamau.org\/index.php?rest_route=%2Fwp%2Fv2%2Fcategories&post=4350"},{"taxonomy":"post_tag","embeddable":true,"href":"https:\/\/www.eamau.org\/index.php?rest_route=%2Fwp%2Fv2%2Ftags&post=4350"}],"curies":[{"name":"wp","href":"https:\/\/api.w.org\/{rel}","templated":true}]}}