{"id":4321,"date":"2025-11-28T09:39:32","date_gmt":"2025-11-28T09:39:32","guid":{"rendered":"https:\/\/www.eamau.org\/?p=4321"},"modified":"2025-11-28T09:49:54","modified_gmt":"2025-11-28T09:49:54","slug":"partenariat-entre-leamau-et-lensa-paris-malaquais-psl","status":"publish","type":"post","link":"https:\/\/www.eamau.org\/?p=4321","title":{"rendered":"Partenariat entre l&rsquo;EAMAU et l&rsquo;ENSA Paris-Malaquais PSL"},"content":{"rendered":"\n<p class=\"has-medium-font-size\"><strong>L\u2019\u00c9cole nationale sup\u00e9rieure d\u2019architecture Paris-Malaquais \u2013 PSL et l\u2019\u00c9cole Africaine des M\u00e9tiers de l\u2019Architecture et de l\u2019Urbanisme (EAMAU) viennent de signer  un  partenariat<\/strong>. \u00a0Ce partenariat couvre de nombreux domaines dont : <em><br>&#8211; Mutualisation des ressources documentaires,<br>&#8211; Projets et ateliers conjoints, Mobilit\u00e9s pour les \u00e9tudiants, enseignants, chercheurs et personnels administratifs, <br>&#8211; la Co-cr\u00e9ation de publications et outils p\u00e9dagogiques, ainsi que l\u2019organisation commune de conf\u00e9rences et s\u00e9minaires\u2026<\/em><\/p>\n\n\n\n<figure class=\"wp-block-image size-large\"><img loading=\"lazy\" decoding=\"async\" width=\"1024\" height=\"768\" src=\"https:\/\/www.eamau.org\/wp-content\/uploads\/2025\/11\/124587-1024x768.jpeg\" alt=\"\" class=\"wp-image-4323\" srcset=\"https:\/\/www.eamau.org\/wp-content\/uploads\/2025\/11\/124587-1024x768.jpeg 1024w, https:\/\/www.eamau.org\/wp-content\/uploads\/2025\/11\/124587-300x225.jpeg 300w, https:\/\/www.eamau.org\/wp-content\/uploads\/2025\/11\/124587-768x576.jpeg 768w, https:\/\/www.eamau.org\/wp-content\/uploads\/2025\/11\/124587.jpeg 1280w\" sizes=\"auto, (max-width: 1024px) 100vw, 1024px\" \/><figcaption class=\"wp-element-caption\"><br><a href=\"https:\/\/www.linkedin.com\/in\/jean-baptiste-de-froment-8120823b\/\">Jean-Baptiste de Froment<\/a>, directeur de Malaquais \u2013 PSL, et <a href=\"https:\/\/www.linkedin.com\/in\/malam-boukar-awa-krou-6752436a\/\">Malam Boukar Awa krou<\/a>, directeur g\u00e9n\u00e9ral de l\u2019EAMAU<\/figcaption><\/figure>\n","protected":false},"excerpt":{"rendered":"<p>L\u2019\u00c9cole nationale sup\u00e9rieure d\u2019architecture Paris-Malaquais \u2013 PSL et l\u2019\u00c9cole Africaine des M\u00e9tiers de l\u2019Architecture et de l\u2019Urbanisme (EAMAU) viennent de signer un partenariat. \u00a0Ce partenariat couvre de nombreux domaines dont : &#8211; Mutualisation des ressources documentaires,&#8211; Projets et ateliers conjoints, Mobilit\u00e9s pour les \u00e9tudiants, enseignants, chercheurs et personnels administratifs, &#8211; la Co-cr\u00e9ation de publications et<\/p>\n","protected":false},"author":5,"featured_media":4322,"comment_status":"closed","ping_status":"closed","sticky":false,"template":"","format":"standard","meta":{"ngg_post_thumbnail":0,"footnotes":""},"categories":[1],"tags":[],"class_list":["post-4321","post","type-post","status-publish","format-standard","has-post-thumbnail","hentry","category-actualite"],"_links":{"self":[{"href":"https:\/\/www.eamau.org\/index.php?rest_route=\/wp\/v2\/posts\/4321","targetHints":{"allow":["GET"]}}],"collection":[{"href":"https:\/\/www.eamau.org\/index.php?rest_route=\/wp\/v2\/posts"}],"about":[{"href":"https:\/\/www.eamau.org\/index.php?rest_route=\/wp\/v2\/types\/post"}],"author":[{"embeddable":true,"href":"https:\/\/www.eamau.org\/index.php?rest_route=\/wp\/v2\/users\/5"}],"replies":[{"embeddable":true,"href":"https:\/\/www.eamau.org\/index.php?rest_route=%2Fwp%2Fv2%2Fcomments&post=4321"}],"version-history":[{"count":5,"href":"https:\/\/www.eamau.org\/index.php?rest_route=\/wp\/v2\/posts\/4321\/revisions"}],"predecessor-version":[{"id":4329,"href":"https:\/\/www.eamau.org\/index.php?rest_route=\/wp\/v2\/posts\/4321\/revisions\/4329"}],"wp:featuredmedia":[{"embeddable":true,"href":"https:\/\/www.eamau.org\/index.php?rest_route=\/wp\/v2\/media\/4322"}],"wp:attachment":[{"href":"https:\/\/www.eamau.org\/index.php?rest_route=%2Fwp%2Fv2%2Fmedia&parent=4321"}],"wp:term":[{"taxonomy":"category","embeddable":true,"href":"https:\/\/www.eamau.org\/index.php?rest_route=%2Fwp%2Fv2%2Fcategories&post=4321"},{"taxonomy":"post_tag","embeddable":true,"href":"https:\/\/www.eamau.org\/index.php?rest_route=%2Fwp%2Fv2%2Ftags&post=4321"}],"curies":[{"name":"wp","href":"https:\/\/api.w.org\/{rel}","templated":true}]}}